{"id":151,"date":"2016-03-02T08:53:58","date_gmt":"2016-03-02T07:53:58","guid":{"rendered":"http:\/\/www.pitanga.be\/?p=151"},"modified":"2016-04-29T17:14:06","modified_gmt":"2016-04-29T15:14:06","slug":"rio-de-janeiro-celebra-451-anos","status":"publish","type":"post","link":"https:\/\/www.pitanga.be\/index.php\/2016\/03\/02\/rio-de-janeiro-celebra-451-anos\/","title":{"rendered":"Rio de Janeiro celebra 451 anos"},"content":{"rendered":"<p><iframe loading=\"lazy\" class=\"giphy-embed\" src=\"\/\/giphy.com\/embed\/xT9DPIPSEiY4E36J9u?html5=true\" width=\"480\" height=\"480\" frameborder=\"0\" allowfullscreen=\"allowfullscreen\"><\/iframe><\/p>\n<!-- Begin Yuzo --><div class='yuzo_related_post style-2'  data-version='5.12.70'><div class='yuzo_clearfixed yuzo__title yuzo__title'><h3>A lire aussi<\/h3><\/div>\n\t\t\t\t\t\t<div class=\"relatedthumb yuzo-list  \" style=\"\"  >  \n\t\t\t\t\t\t  <a  href=\"https:\/\/www.pitanga.be\/index.php\/2016\/06\/01\/sao-paulo-para-quem-nao-conhece-e-para-quem-gosta\/\" class=\"image-list\"  >\n\t\t\t\t\t\t  <div class=\"yuzo-img-wrap \" style=\"width: 125px;height:90px;\">\n\t\t\t\t\t\t\t\t\t\n\t\t\t\t\t\t\t\t\t <div class=\"yuzo-img\" style=\"background:url('https:\/\/www.pitanga.be\/pta\/wp-content\/uploads\/2016\/06\/Ja-fomos-a-terra-da-garoa-Sao-Paulo-150x150.png') 50% 50% no-repeat;width: 130px;height:90px;margin-bottom: 5px;background-size:  cover;  \"><\/div>\n\t\t\t\t\t\t  <\/div>\n\t\t\t\t\t\t  <\/a>\n\t\t\t\t\t\t  <a  class=\"link-list yuzo__text--title\" href=\"https:\/\/www.pitanga.be\/index.php\/2016\/06\/01\/sao-paulo-para-quem-nao-conhece-e-para-quem-gosta\/\" style=\"font-size:16px;font-weight:bold;;line-height:24px;\"> S\u00e3o Paulo para quem n\u00e3o conhece\u2026 e para quem gosta!  <\/a>\n\t\t\t\t\t\t\t\t<span class=\"yuzo_text\" style=\"font-size:12px;\" ><\/span>\n\t\t\t\t\t\t   \n\t\t\t\t\t\t<\/div>\n\t\t\t\t\t\t<div class=\"relatedthumb yuzo-list  \" style=\"\"  >  \n\t\t\t\t\t\t  <a  href=\"https:\/\/www.pitanga.be\/index.php\/2016\/05\/11\/gabriel-grossi-bebe-kramer-e-felix-junior-no-programa-casa-do-som\/\" class=\"image-list\"  >\n\t\t\t\t\t\t  <div class=\"yuzo-img-wrap \" style=\"width: 125px;height:90px;\">\n\t\t\t\t\t\t\t\t\t\n\t\t\t\t\t\t\t\t\t <div class=\"yuzo-img\" style=\"background:url('https:\/\/www.pitanga.be\/pta\/wp-content\/uploads\/2016\/05\/Gabriel-Grossi-Bebe-Kramer-e-Felix-Ju\u0301nior-150x150.png') 50% 50% no-repeat;width: 130px;height:90px;margin-bottom: 5px;background-size:  cover;  \"><\/div>\n\t\t\t\t\t\t  <\/div>\n\t\t\t\t\t\t  <\/a>\n\t\t\t\t\t\t  <a  class=\"link-list yuzo__text--title\" href=\"https:\/\/www.pitanga.be\/index.php\/2016\/05\/11\/gabriel-grossi-bebe-kramer-e-felix-junior-no-programa-casa-do-som\/\" style=\"font-size:16px;font-weight:bold;;line-height:24px;\"> Gabriel Grossi, Bebe Kramer e Felix Junior no Programa Casa do Som  <\/a>\n\t\t\t\t\t\t\t\t<span class=\"yuzo_text\" style=\"font-size:12px;\" >Queridos amigos do \"Cours de Portugais du Br\u00e9sil\", mil desculpas pela loooonga aus\u00eancia!\r\n\u00c0s vezes as tais \"24 horas\" s\u00e3o t\u00e3o curtas para tantos compromissos que estes acabam se extrapolando em muuuit...<\/span>\n\t\t\t\t\t\t   \n\t\t\t\t\t\t<\/div>\n\t\t\t\t\t\t<div class=\"relatedthumb yuzo-list  \" style=\"\"  >  \n\t\t\t\t\t\t  <a  href=\"https:\/\/www.pitanga.be\/index.php\/2016\/08\/17\/jogos-do-rio-os-esportes-nao-olimpicos-do-carioca\/\" class=\"image-list\"  >\n\t\t\t\t\t\t  <div class=\"yuzo-img-wrap \" style=\"width: 125px;height:90px;\">\n\t\t\t\t\t\t\t\t\t\n\t\t\t\t\t\t\t\t\t <div class=\"yuzo-img\" style=\"background:url('https:\/\/www.pitanga.be\/pta\/wp-content\/uploads\/2016\/08\/Jogos-do-Rio-os-esportes-nao-olimpicos-do-carioca-150x150.png') 50% 50% no-repeat;width: 130px;height:90px;margin-bottom: 5px;background-size:  cover;  \"><\/div>\n\t\t\t\t\t\t  <\/div>\n\t\t\t\t\t\t  <\/a>\n\t\t\t\t\t\t  <a  class=\"link-list yuzo__text--title\" href=\"https:\/\/www.pitanga.be\/index.php\/2016\/08\/17\/jogos-do-rio-os-esportes-nao-olimpicos-do-carioca\/\" style=\"font-size:16px;font-weight:bold;;line-height:24px;\"> Jogos do Rio: os esportes \u00ab\u00a0n\u00e3o-ol\u00edmpicos\u00a0\u00bb do carioca  <\/a>\n\t\t\t\t\t\t\t\t<span class=\"yuzo_text\" style=\"font-size:12px;\" ><\/span>\n\t\t\t\t\t\t   \n\t\t\t\t\t\t<\/div>\n\t\t\t\t\t\t<div class=\"relatedthumb yuzo-list  \" style=\"\"  >  \n\t\t\t\t\t\t  <a  href=\"https:\/\/www.pitanga.be\/index.php\/2017\/01\/25\/vingt-ans-sanstom-jobim-12-chansons-indispensables\/\" class=\"image-list\"  >\n\t\t\t\t\t\t  <div class=\"yuzo-img-wrap \" style=\"width: 125px;height:90px;\">\n\t\t\t\t\t\t\t\t\t\n\t\t\t\t\t\t\t\t\t <div class=\"yuzo-img\" style=\"background:url('https:\/\/www.pitanga.be\/pta\/wp-content\/uploads\/2017\/02\/Estatua-de-Tom-Jobim-Rio-de-Janeiro-150x150.jpg') 50% 50% no-repeat;width: 130px;height:90px;margin-bottom: 5px;background-size:  cover;  \"><\/div>\n\t\t\t\t\t\t  <\/div>\n\t\t\t\t\t\t  <\/a>\n\t\t\t\t\t\t  <a  class=\"link-list yuzo__text--title\" href=\"https:\/\/www.pitanga.be\/index.php\/2017\/01\/25\/vingt-ans-sanstom-jobim-12-chansons-indispensables\/\" style=\"font-size:16px;font-weight:bold;;line-height:24px;\"> Vingt ans sansTom Jobim: 12 chansons indispensables!  <\/a>\n\t\t\t\t\t\t\t\t<span class=\"yuzo_text\" style=\"font-size:12px;\" ><\/span>\n\t\t\t\t\t\t   \n\t\t\t\t\t\t<\/div>\n\t\t\t\t\t\t<div class=\"relatedthumb yuzo-list  \" style=\"\"  >  \n\t\t\t\t\t\t  <a  href=\"https:\/\/www.pitanga.be\/index.php\/2016\/07\/01\/primeiro-belga-tupiniquim\/\" class=\"image-list\"  >\n\t\t\t\t\t\t  <div class=\"yuzo-img-wrap \" style=\"width: 125px;height:90px;\">\n\t\t\t\t\t\t\t\t\t\n\t\t\t\t\t\t\t\t\t <div class=\"yuzo-img\" style=\"background:url('https:\/\/www.pitanga.be\/pta\/wp-content\/uploads\/2016\/07\/Revista-Emigrar-primeiro-belga-tupiniquim-150x150.png') 50% 50% no-repeat;width: 130px;height:90px;margin-bottom: 5px;background-size:  cover;  \"><\/div>\n\t\t\t\t\t\t  <\/div>\n\t\t\t\t\t\t  <\/a>\n\t\t\t\t\t\t  <a  class=\"link-list yuzo__text--title\" href=\"https:\/\/www.pitanga.be\/index.php\/2016\/07\/01\/primeiro-belga-tupiniquim\/\" style=\"font-size:16px;font-weight:bold;;line-height:24px;\"> Primeiro Belga \u201cTupiniquim\u201d\u2026  <\/a>\n\t\t\t\t\t\t\t\t<span class=\"yuzo_text\" style=\"font-size:12px;\" >Os Belgas est\u00e3o presentes e ativos no Brasil h\u00e1 muito tempo!\r\n\r\nNo s\u00e9culo XIX, v\u00e1rias col\u00f4nias agr\u00edcolas belgas foram fundadas no Brasil. \r\n\r\n\r\nNossos caros amigos belgas contribuiram muito na constru...<\/span>\n\t\t\t\t\t\t   \n\t\t\t\t\t\t<\/div>\n<\/div> <style>\n\t\t\t\t\t\t.yuzo_related_post .relatedthumb { background: !important; -webkit-transition: background 0.2s linear; -moz-transition: background 0.2s linear; -o-transition: background 0.2s linear; transition: background 0.2s linear;;color:!important; }\n\t\t\t\t\t\t.yuzo_related_post .relatedthumb:hover{background:#ffffff !important;color:!important;}\n\t\t\t\t\t\t.yuzo_related_post .yuzo_text {color:!important;}\n\t\t\t\t\t\t.yuzo_related_post .relatedthumb:hover .yuzo_text {color:!important;}\n\t\t\t\t\t\t.yuzo_related_post .relatedthumb a{color:!important;}\n\t\t\t\t\t\t.yuzo_related_post .relatedthumb a:hover{color:!important;}\n\t\t\t\t\t\t.yuzo_related_post .relatedthumb:hover a{ color:!important;}\n\t\t\t\t\t\t.yuzo_related_post .relatedthumb{  margin: 2px  0px  2px  0px;   padding: 8px  5px  8px  5px;  }\n\t\t\t\t\t\t\n\t\t\t\t\t\t<\/style>  <!-- End Yuzo :) --><!-- AddThis Advanced Settings generic via filter on the_content --><!-- AddThis Share Buttons generic via filter on the_content -->","protected":false},"excerpt":{"rendered":"<p>A lire aussi A bela Diamantina, Patrim\u00f4nio Cultural da Humanidade! \u00ab\u00a0Oh, Minas Gerais&#8230; quem te conhece n\u00e3o esquece jamais&#8230;\u00a0\u00bb! Nordeste diferente tem clima frio, muita \u00e1gua e cen\u00e1rios inacredit\u00e1veis E o Rio de Janeiro continua lindo\u2026 apesar de todos os &hellip; <a href=\"https:\/\/www.pitanga.be\/index.php\/2016\/03\/02\/rio-de-janeiro-celebra-451-anos\/\">Lire la suite\u00ad\u00ad<\/a><!-- AddThis Advanced Settings generic via filter on wp_trim_excerpt --><!-- AddThis Share Buttons generic via filter on wp_trim_excerpt --><\/p>\n","protected":false},"author":2,"featured_media":174,"comment_status":"open","ping_status":"open","sticky":false,"template":"","format":"standard","meta":{"kt_blocks_editor_width":""},"categories":[10],"tags":[],"_links":{"self":[{"href":"https:\/\/www.pitanga.be\/index.php\/wp-json\/wp\/v2\/posts\/151"}],"collection":[{"href":"https:\/\/www.pitanga.be\/index.php\/wp-json\/wp\/v2\/posts"}],"about":[{"href":"https:\/\/www.pitanga.be\/index.php\/wp-json\/wp\/v2\/types\/post"}],"author":[{"embeddable":true,"href":"https:\/\/www.pitanga.be\/index.php\/wp-json\/wp\/v2\/users\/2"}],"replies":[{"embeddable":true,"href":"https:\/\/www.pitanga.be\/index.php\/wp-json\/wp\/v2\/comments?post=151"}],"version-history":[{"count":4,"href":"https:\/\/www.pitanga.be\/index.php\/wp-json\/wp\/v2\/posts\/151\/revisions"}],"predecessor-version":[{"id":176,"href":"https:\/\/www.pitanga.be\/index.php\/wp-json\/wp\/v2\/posts\/151\/revisions\/176"}],"wp:featuredmedia":[{"embeddable":true,"href":"https:\/\/www.pitanga.be\/index.php\/wp-json\/wp\/v2\/media\/174"}],"wp:attachment":[{"href":"https:\/\/www.pitanga.be\/index.php\/wp-json\/wp\/v2\/media?parent=151"}],"wp:term":[{"taxonomy":"category","embeddable":true,"href":"https:\/\/www.pitanga.be\/index.php\/wp-json\/wp\/v2\/categories?post=151"},{"taxonomy":"post_tag","embeddable":true,"href":"https:\/\/www.pitanga.be\/index.php\/wp-json\/wp\/v2\/tags?post=151"}],"curies":[{"name":"wp","href":"https:\/\/api.w.org\/{rel}","templated":true}]}}